{"id":505,"date":"2012-09-30T13:40:59","date_gmt":"2012-09-30T11:40:59","guid":{"rendered":"http:\/\/bernd.huettemann.eu\/?p=505"},"modified":"2012-09-30T13:40:59","modified_gmt":"2012-09-30T11:40:59","slug":"relevant-durch-krise-fur-eine-europaische-ard","status":"publish","type":"post","link":"https:\/\/huettemann.eu\/de\/2012\/09\/relevant-durch-krise-fur-eine-europaische-ard\/","title":{"rendered":"Relevant durch Krise: F\u00fcr eine europ\u00e4ische ARD"},"content":{"rendered":"<p>Immer h\u00e4ufiger wird nach einer europ\u00e4ischen \u00d6ffentlichkeit gefragt. Und dies liegt eindeutig an der Krise. Selten beherrschte die Europapolitik so sehr die Schlagzeilen. Nationale Medien und Politiker bekommen nicht nur einen Crashkurs in Sachen Europapolitik sondern m\u00fcssen sich mit EU-Mitgliedstaaten besch\u00e4ftigen, die sie jahrelang links liegen gelassen haben. Es braucht aber auch eine europ\u00e4ische Berichterstattung, die den nationalen Kirchturm erg\u00e4nzt. In einem dpa-Beitrag habe ich nun einen europ\u00e4ischen \u00f6ffentlich-rechtlichen Rundfunk gefordert. Es ist \u00fcberhaupt nicht einzusehen, warum etwas, was in Deutschland vorbildlich ist, nicht auch in Europa funktionieren sollte. Vorbildlich k\u00f6nnte nicht das ZDF sondern die f\u00f6derale ARD sein.<\/p>\n<p>Nachzulesen in : <a href=\"http:\/\/www.eu-info.de\/dpa-europaticker\/219017.html\" target=\"_blank\" rel=\"noopener noreferrer\">Euro-Krise bietet Chance f\u00fcr europ\u00e4ische Medien\u00f6ffentlichkeit, von Miriam Schmidt, dpa<\/a><\/p>\n","protected":false},"excerpt":{"rendered":"<p>Immer h\u00e4ufiger wird nach einer europ\u00e4ischen \u00d6ffentlichkeit gefragt. Und dies liegt eindeutig an der Krise. Selten beherrschte die Europapolitik so sehr die Schlagzeilen. Nationale Medien und Politiker bekommen nicht nur einen Crashkurs in Sachen Europapolitik sondern m\u00fcssen sich mit EU-Mitgliedstaaten besch\u00e4ftigen, die sie jahrelang links liegen gelassen haben. Es braucht aber auch eine europ\u00e4ische Berichterstattung,<a class=\"more-link\" href=\"https:\/\/huettemann.eu\/de\/2012\/09\/relevant-durch-krise-fur-eine-europaische-ard\/\">Read more<\/a><\/p>\n","protected":false},"author":2,"featured_media":0,"comment_status":"open","ping_status":"open","sticky":false,"template":"","format":"standard","meta":{"_jetpack_newsletter_access":"","_jetpack_dont_email_post_to_subs":false,"_jetpack_newsletter_tier_id":0,"_jetpack_memberships_contains_paywalled_content":false,"_jetpack_feature_clip_id":0,"_jetpack_memberships_contains_paid_content":false,"footnotes":"","jetpack_publicize_message":"","jetpack_publicize_feature_enabled":true,"jetpack_social_post_already_shared":false,"jetpack_social_options":{"image_generator_settings":{"template":"highway","default_image_id":0,"font":"","enabled":false},"version":2},"jetpack_post_was_ever_published":false},"categories":[9,27],"tags":[56,113,178,180,245],"class_list":["post-505","post","type-post","status-publish","format-standard","hentry","category-europaeisierung","category-oeffentlichkeit","tag-ard","tag-europaisierung","tag-offentlich-rechtlich","tag-offentlichkeit","tag-zdf"],"yoast_head":"<!-- This site is optimized with the Yoast SEO plugin v28.3 - https:\/\/yoast.com\/product\/yoast-seo-wordpress\/ -->\n<title>Relevant durch Krise: F\u00fcr eine europ\u00e4ische ARD - Bernd H\u00fcttemann<\/title>\n<meta name=\"robots\" content=\"index, follow, max-snippet:-1, max-image-preview:large, max-video-preview:-1\" \/>\n<link rel=\"canonical\" href=\"https:\/\/huettemann.eu\/de\/2012\/09\/relevant-durch-krise-fur-eine-europaische-ard\/\" \/>\n<meta property=\"og:locale\" content=\"de_DE\" \/>\n<meta property=\"og:type\" content=\"article\" \/>\n<meta property=\"og:title\" content=\"Relevant durch Krise: F\u00fcr eine europ\u00e4ische ARD - Bernd H\u00fcttemann\" \/>\n<meta property=\"og:description\" content=\"Immer h\u00e4ufiger wird nach einer europ\u00e4ischen \u00d6ffentlichkeit gefragt. Und dies liegt eindeutig an der Krise. Selten beherrschte die Europapolitik so sehr die Schlagzeilen. Nationale Medien und Politiker bekommen nicht nur einen Crashkurs in Sachen Europapolitik sondern m\u00fcssen sich mit EU-Mitgliedstaaten besch\u00e4ftigen, die sie jahrelang links liegen gelassen haben. Es braucht aber auch eine europ\u00e4ische Berichterstattung,Read more\" \/>\n<meta property=\"og:url\" content=\"https:\/\/huettemann.eu\/de\/2012\/09\/relevant-durch-krise-fur-eine-europaische-ard\/\" \/>\n<meta property=\"og:site_name\" content=\"Bernd H\u00fcttemann\" \/>\n<meta property=\"article:published_time\" content=\"2012-09-30T11:40:59+00:00\" \/>\n<meta name=\"author\" content=\"Bernd\" \/>\n<meta name=\"twitter:card\" content=\"summary_large_image\" \/>\n<meta name=\"twitter:creator\" content=\"@huettemann\" \/>\n<meta name=\"twitter:label1\" content=\"Verfasst von\" \/>\n\t<meta name=\"twitter:data1\" content=\"Bernd\" \/>\n\t<meta name=\"twitter:label2\" content=\"Gesch\u00e4tzte Lesezeit\" \/>\n\t<meta name=\"twitter:data2\" content=\"1\u00a0Minute\" \/>\n<script type=\"application\/ld+json\" class=\"yoast-schema-graph\">{\"@context\":\"https:\\\/\\\/schema.org\",\"@graph\":[{\"@type\":\"Article\",\"@id\":\"https:\\\/\\\/huettemann.eu\\\/de\\\/2012\\\/09\\\/relevant-durch-krise-fur-eine-europaische-ard\\\/#article\",\"isPartOf\":{\"@id\":\"https:\\\/\\\/huettemann.eu\\\/de\\\/2012\\\/09\\\/relevant-durch-krise-fur-eine-europaische-ard\\\/\"},\"author\":{\"name\":\"Bernd\",\"@id\":\"https:\\\/\\\/huettemann.eu\\\/de\\\/#\\\/schema\\\/person\\\/823812d9eafece1f5a59b2420846bf2d\"},\"headline\":\"Relevant durch Krise: F\u00fcr eine europ\u00e4ische ARD\",\"datePublished\":\"2012-09-30T11:40:59+00:00\",\"mainEntityOfPage\":{\"@id\":\"https:\\\/\\\/huettemann.eu\\\/de\\\/2012\\\/09\\\/relevant-durch-krise-fur-eine-europaische-ard\\\/\"},\"wordCount\":132,\"commentCount\":0,\"keywords\":[\"ARD\",\"Europ\u00e4isierung\",\"\u00f6ffentlich-rechtlich\",\"\u00d6ffentlichkeit\",\"ZDF\"],\"articleSection\":[\"Europapolitik &amp; Europ\u00e4isierung\",\"\u00d6ffentlicher Raum\"],\"inLanguage\":\"de\",\"potentialAction\":[{\"@type\":\"CommentAction\",\"name\":\"Comment\",\"target\":[\"https:\\\/\\\/huettemann.eu\\\/de\\\/2012\\\/09\\\/relevant-durch-krise-fur-eine-europaische-ard\\\/#respond\"]}]},{\"@type\":\"WebPage\",\"@id\":\"https:\\\/\\\/huettemann.eu\\\/de\\\/2012\\\/09\\\/relevant-durch-krise-fur-eine-europaische-ard\\\/\",\"url\":\"https:\\\/\\\/huettemann.eu\\\/de\\\/2012\\\/09\\\/relevant-durch-krise-fur-eine-europaische-ard\\\/\",\"name\":\"Relevant durch Krise: F\u00fcr eine europ\u00e4ische ARD - Bernd H\u00fcttemann\",\"isPartOf\":{\"@id\":\"https:\\\/\\\/huettemann.eu\\\/de\\\/#website\"},\"datePublished\":\"2012-09-30T11:40:59+00:00\",\"author\":{\"@id\":\"https:\\\/\\\/huettemann.eu\\\/de\\\/#\\\/schema\\\/person\\\/823812d9eafece1f5a59b2420846bf2d\"},\"breadcrumb\":{\"@id\":\"https:\\\/\\\/huettemann.eu\\\/de\\\/2012\\\/09\\\/relevant-durch-krise-fur-eine-europaische-ard\\\/#breadcrumb\"},\"inLanguage\":\"de\",\"potentialAction\":[{\"@type\":\"ReadAction\",\"target\":[\"https:\\\/\\\/huettemann.eu\\\/de\\\/2012\\\/09\\\/relevant-durch-krise-fur-eine-europaische-ard\\\/\"]}]},{\"@type\":\"BreadcrumbList\",\"@id\":\"https:\\\/\\\/huettemann.eu\\\/de\\\/2012\\\/09\\\/relevant-durch-krise-fur-eine-europaische-ard\\\/#breadcrumb\",\"itemListElement\":[{\"@type\":\"ListItem\",\"position\":1,\"name\":\"Startseite\",\"item\":\"https:\\\/\\\/huettemann.eu\\\/de\\\/\"},{\"@type\":\"ListItem\",\"position\":2,\"name\":\"Relevant durch Krise: F\u00fcr eine europ\u00e4ische ARD\"}]},{\"@type\":\"WebSite\",\"@id\":\"https:\\\/\\\/huettemann.eu\\\/de\\\/#website\",\"url\":\"https:\\\/\\\/huettemann.eu\\\/de\\\/\",\"name\":\"Bernd H\u00fcttemann\",\"description\":\"walking &amp; working 4 Europe \ud83c\uddea\ud83c\uddfa kleine &amp; gro\u00dfe Wege in Europa\",\"potentialAction\":[{\"@type\":\"SearchAction\",\"target\":{\"@type\":\"EntryPoint\",\"urlTemplate\":\"https:\\\/\\\/huettemann.eu\\\/de\\\/?s={search_term_string}\"},\"query-input\":{\"@type\":\"PropertyValueSpecification\",\"valueRequired\":true,\"valueName\":\"search_term_string\"}}],\"inLanguage\":\"de\"},{\"@type\":\"Person\",\"@id\":\"https:\\\/\\\/huettemann.eu\\\/de\\\/#\\\/schema\\\/person\\\/823812d9eafece1f5a59b2420846bf2d\",\"name\":\"Bernd\",\"image\":{\"@type\":\"ImageObject\",\"inLanguage\":\"de\",\"@id\":\"https:\\\/\\\/secure.gravatar.com\\\/avatar\\\/f1c2b23f9f13653bdb5af5aaa364d575b9c2bf61d815c012a48b81e0d74b18af?s=96&d=mm&r=g\",\"url\":\"https:\\\/\\\/secure.gravatar.com\\\/avatar\\\/f1c2b23f9f13653bdb5af5aaa364d575b9c2bf61d815c012a48b81e0d74b18af?s=96&d=mm&r=g\",\"contentUrl\":\"https:\\\/\\\/secure.gravatar.com\\\/avatar\\\/f1c2b23f9f13653bdb5af5aaa364d575b9c2bf61d815c012a48b81e0d74b18af?s=96&d=mm&r=g\",\"caption\":\"Bernd\"},\"description\":\"Bernd H\u00fcttemann (born December 8th, 1970 in Paderborn) is Secretary General of the European Movement Germany. Hes is board member of Transparency International Deutschland e.V. He studied political science, history and European law at the University of Bonn. He first worked for the Robert Bosch Stiftung as a PR consultant, then as a research assistant at the Institute for European Politics (\u201cInstitut f\u00fcr Europ\u00e4ische Politik\u201c). From 2000 to 2003, he conducted programs of the German Foreign Office on the EU accession of Slovakia and Croatia, including as an advisor to the Slovak Government Office in Bratislava. Bernd H\u00fcttemann began his career in European politics within the Young European Federalists (JEF) as head of office in Bonn and Brussels. Later, H\u00fcttemann was honorary Secretary General of the Europa-Union Germany and from 2014 to 2020 Vice-President of the European Movement International.\",\"sameAs\":[\"http:\\\/\\\/www.huettemann.eu\",\"https:\\\/\\\/www.linkedin.com\\\/in\\\/berndhuettemann\\\/\",\"https:\\\/\\\/x.com\\\/huettemann\",\"https:\\\/\\\/de.wikipedia.org\\\/wiki\\\/Bernd_H\u00fcttemann\"],\"url\":\"https:\\\/\\\/huettemann.eu\\\/de\\\/author\\\/bernd93z5y6a247faf\\\/\"}]}<\/script>\n<!-- \/ Yoast SEO plugin. -->","yoast_head_json":{"title":"Relevant durch Krise: F\u00fcr eine europ\u00e4ische ARD - Bernd H\u00fcttemann","robots":{"index":"index","follow":"follow","max-snippet":"max-snippet:-1","max-image-preview":"max-image-preview:large","max-video-preview":"max-video-preview:-1"},"canonical":"https:\/\/huettemann.eu\/de\/2012\/09\/relevant-durch-krise-fur-eine-europaische-ard\/","og_locale":"de_DE","og_type":"article","og_title":"Relevant durch Krise: F\u00fcr eine europ\u00e4ische ARD - Bernd H\u00fcttemann","og_description":"Immer h\u00e4ufiger wird nach einer europ\u00e4ischen \u00d6ffentlichkeit gefragt. Und dies liegt eindeutig an der Krise. Selten beherrschte die Europapolitik so sehr die Schlagzeilen. Nationale Medien und Politiker bekommen nicht nur einen Crashkurs in Sachen Europapolitik sondern m\u00fcssen sich mit EU-Mitgliedstaaten besch\u00e4ftigen, die sie jahrelang links liegen gelassen haben. Es braucht aber auch eine europ\u00e4ische Berichterstattung,Read more","og_url":"https:\/\/huettemann.eu\/de\/2012\/09\/relevant-durch-krise-fur-eine-europaische-ard\/","og_site_name":"Bernd H\u00fcttemann","article_published_time":"2012-09-30T11:40:59+00:00","author":"Bernd","twitter_card":"summary_large_image","twitter_creator":"@huettemann","twitter_misc":{"Verfasst von":"Bernd","Gesch\u00e4tzte Lesezeit":"1\u00a0Minute"},"schema":{"@context":"https:\/\/schema.org","@graph":[{"@type":"Article","@id":"https:\/\/huettemann.eu\/de\/2012\/09\/relevant-durch-krise-fur-eine-europaische-ard\/#article","isPartOf":{"@id":"https:\/\/huettemann.eu\/de\/2012\/09\/relevant-durch-krise-fur-eine-europaische-ard\/"},"author":{"name":"Bernd","@id":"https:\/\/huettemann.eu\/de\/#\/schema\/person\/823812d9eafece1f5a59b2420846bf2d"},"headline":"Relevant durch Krise: F\u00fcr eine europ\u00e4ische ARD","datePublished":"2012-09-30T11:40:59+00:00","mainEntityOfPage":{"@id":"https:\/\/huettemann.eu\/de\/2012\/09\/relevant-durch-krise-fur-eine-europaische-ard\/"},"wordCount":132,"commentCount":0,"keywords":["ARD","Europ\u00e4isierung","\u00f6ffentlich-rechtlich","\u00d6ffentlichkeit","ZDF"],"articleSection":["Europapolitik &amp; Europ\u00e4isierung","\u00d6ffentlicher Raum"],"inLanguage":"de","potentialAction":[{"@type":"CommentAction","name":"Comment","target":["https:\/\/huettemann.eu\/de\/2012\/09\/relevant-durch-krise-fur-eine-europaische-ard\/#respond"]}]},{"@type":"WebPage","@id":"https:\/\/huettemann.eu\/de\/2012\/09\/relevant-durch-krise-fur-eine-europaische-ard\/","url":"https:\/\/huettemann.eu\/de\/2012\/09\/relevant-durch-krise-fur-eine-europaische-ard\/","name":"Relevant durch Krise: F\u00fcr eine europ\u00e4ische ARD - Bernd H\u00fcttemann","isPartOf":{"@id":"https:\/\/huettemann.eu\/de\/#website"},"datePublished":"2012-09-30T11:40:59+00:00","author":{"@id":"https:\/\/huettemann.eu\/de\/#\/schema\/person\/823812d9eafece1f5a59b2420846bf2d"},"breadcrumb":{"@id":"https:\/\/huettemann.eu\/de\/2012\/09\/relevant-durch-krise-fur-eine-europaische-ard\/#breadcrumb"},"inLanguage":"de","potentialAction":[{"@type":"ReadAction","target":["https:\/\/huettemann.eu\/de\/2012\/09\/relevant-durch-krise-fur-eine-europaische-ard\/"]}]},{"@type":"BreadcrumbList","@id":"https:\/\/huettemann.eu\/de\/2012\/09\/relevant-durch-krise-fur-eine-europaische-ard\/#breadcrumb","itemListElement":[{"@type":"ListItem","position":1,"name":"Startseite","item":"https:\/\/huettemann.eu\/de\/"},{"@type":"ListItem","position":2,"name":"Relevant durch Krise: F\u00fcr eine europ\u00e4ische ARD"}]},{"@type":"WebSite","@id":"https:\/\/huettemann.eu\/de\/#website","url":"https:\/\/huettemann.eu\/de\/","name":"Bernd H\u00fcttemann","description":"walking &amp; working 4 Europe \ud83c\uddea\ud83c\uddfa kleine &amp; gro\u00dfe Wege in Europa","potentialAction":[{"@type":"SearchAction","target":{"@type":"EntryPoint","urlTemplate":"https:\/\/huettemann.eu\/de\/?s={search_term_string}"},"query-input":{"@type":"PropertyValueSpecification","valueRequired":true,"valueName":"search_term_string"}}],"inLanguage":"de"},{"@type":"Person","@id":"https:\/\/huettemann.eu\/de\/#\/schema\/person\/823812d9eafece1f5a59b2420846bf2d","name":"Bernd","image":{"@type":"ImageObject","inLanguage":"de","@id":"https:\/\/secure.gravatar.com\/avatar\/f1c2b23f9f13653bdb5af5aaa364d575b9c2bf61d815c012a48b81e0d74b18af?s=96&d=mm&r=g","url":"https:\/\/secure.gravatar.com\/avatar\/f1c2b23f9f13653bdb5af5aaa364d575b9c2bf61d815c012a48b81e0d74b18af?s=96&d=mm&r=g","contentUrl":"https:\/\/secure.gravatar.com\/avatar\/f1c2b23f9f13653bdb5af5aaa364d575b9c2bf61d815c012a48b81e0d74b18af?s=96&d=mm&r=g","caption":"Bernd"},"description":"Bernd H\u00fcttemann (born December 8th, 1970 in Paderborn) is Secretary General of the European Movement Germany. Hes is board member of Transparency International Deutschland e.V. He studied political science, history and European law at the University of Bonn. He first worked for the Robert Bosch Stiftung as a PR consultant, then as a research assistant at the Institute for European Politics (\u201cInstitut f\u00fcr Europ\u00e4ische Politik\u201c). From 2000 to 2003, he conducted programs of the German Foreign Office on the EU accession of Slovakia and Croatia, including as an advisor to the Slovak Government Office in Bratislava. Bernd H\u00fcttemann began his career in European politics within the Young European Federalists (JEF) as head of office in Bonn and Brussels. Later, H\u00fcttemann was honorary Secretary General of the Europa-Union Germany and from 2014 to 2020 Vice-President of the European Movement International.","sameAs":["http:\/\/www.huettemann.eu","https:\/\/www.linkedin.com\/in\/berndhuettemann\/","https:\/\/x.com\/huettemann","https:\/\/de.wikipedia.org\/wiki\/Bernd_H\u00fcttemann"],"url":"https:\/\/huettemann.eu\/de\/author\/bernd93z5y6a247faf\/"}]}},"jetpack_publicize_connections":[],"jetpack-related-posts":[],"jetpack_sharing_enabled":true,"jetpack_featured_media_url":"","_links":{"self":[{"href":"https:\/\/huettemann.eu\/de\/wp-json\/wp\/v2\/posts\/505","targetHints":{"allow":["GET"]}}],"collection":[{"href":"https:\/\/huettemann.eu\/de\/wp-json\/wp\/v2\/posts"}],"about":[{"href":"https:\/\/huettemann.eu\/de\/wp-json\/wp\/v2\/types\/post"}],"author":[{"embeddable":true,"href":"https:\/\/huettemann.eu\/de\/wp-json\/wp\/v2\/users\/2"}],"replies":[{"embeddable":true,"href":"https:\/\/huettemann.eu\/de\/wp-json\/wp\/v2\/comments?post=505"}],"version-history":[{"count":0,"href":"https:\/\/huettemann.eu\/de\/wp-json\/wp\/v2\/posts\/505\/revisions"}],"wp:attachment":[{"href":"https:\/\/huettemann.eu\/de\/wp-json\/wp\/v2\/media?parent=505"}],"wp:term":[{"taxonomy":"category","embeddable":true,"href":"https:\/\/huettemann.eu\/de\/wp-json\/wp\/v2\/categories?post=505"},{"taxonomy":"post_tag","embeddable":true,"href":"https:\/\/huettemann.eu\/de\/wp-json\/wp\/v2\/tags?post=505"}],"curies":[{"name":"wp","href":"https:\/\/api.w.org\/{rel}","templated":true}]}}